{"id":3,"date":"2011-02-03T20:06:54","date_gmt":"2011-02-03T19:06:54","guid":{"rendered":"http:\/\/medeeenfurie.com\/blog\/?p=3"},"modified":"2020-10-16T11:36:49","modified_gmt":"2020-10-16T10:36:49","slug":"test-1-photo-1","status":"publish","type":"post","link":"https:\/\/medeeenfurie.com\/blog\/2011\/02\/03\/test-1-photo-1\/","title":{"rendered":"Yukio Mishima, portraits"},"content":{"rendered":"<h4><span style=\"font-size: small;\">Yukio Mishima (1945-1970), de son vrai nom Kimitake Hiraoka, fut un tr\u00e8s grand \u00e9crivain japonais. Il s&rsquo;est suicid\u00e9 par seppuku le 25 novembre 1970. C&rsquo;est sa disparition sanglante, lors d&rsquo;un coup d&rsquo;\u00e9tat qui ne pouvait que rater, qui est entr\u00e9 dans l&rsquo;histoire et la m\u00e9moire collective, rel\u00e9guant malheureusement son \u0153uvre \u00e9crite au second plan.<br \/>\nVoici trois photos embl\u00e9matique de ce personnage hors norme. Vous pouvez les retrouver dans le magazine Photo, n\u00b041 de f\u00e9vrier 1971.<br \/>\n<\/span><\/h4>\n<h4><\/h4>\n<h4><span style=\"font-size: small;\">Yukio Mishima (1945-1970), whose real name Kimitake Hiraoka, was a great Japanese writer. He committed suicide by seppuku in November 25, 1970. It&rsquo;s bloody demise, during a coup d&rsquo;\u00e9tat that could only miss, came in history and collective memory, unfortunately relegating his written work in the background.<br \/>\nHere are three iconic photos of this extraordinary character. You can find them in the french magazine Photo, No. 41 of February 1971.<br \/>\n<a href=\"https:\/\/medeeenfurie.com\/blog\/wp-content\/uploads\/2011\/02\/OVH-Japon-Yukio-Mishima-Portrait01.jpg\"><img loading=\"lazy\" decoding=\"async\" class=\"alignnone wp-image-40\" title=\"Yukio Mishima portrait en samoura\u00ef\" src=\"https:\/\/medeeenfurie.com\/blog\/wp-content\/uploads\/2011\/02\/OVH-Japon-Yukio-Mishima-Portrait01-786x1024.jpg\" alt=\"\" width=\"700\" height=\"911\" srcset=\"https:\/\/medeeenfurie.com\/blog\/wp-content\/uploads\/2011\/02\/OVH-Japon-Yukio-Mishima-Portrait01-786x1024.jpg 786w, https:\/\/medeeenfurie.com\/blog\/wp-content\/uploads\/2011\/02\/OVH-Japon-Yukio-Mishima-Portrait01-230x300.jpg 230w, https:\/\/medeeenfurie.com\/blog\/wp-content\/uploads\/2011\/02\/OVH-Japon-Yukio-Mishima-Portrait01.jpg 1460w\" sizes=\"auto, (max-width: 700px) 100vw, 700px\" \/><\/a><\/span> <span style=\"font-size: small;\"><br \/>\nMishima en samoura\u00ef, avec un corps patiemment sculpt\u00e9 par la pratique de la musculation<br \/>\nMishima as samurai, with a body patiently carved by the practice of bodybuilding.<\/span><\/h4>\n<p><span style=\"font-size: small;\">Photo de Kishin Shinoyama<\/span><\/p>\n<p><span style=\"font-size: small;\">\u00a0<\/span><\/p>\n<p><span style=\"font-size: small;\"><a href=\"https:\/\/medeeenfurie.com\/blog\/wp-content\/uploads\/2011\/02\/OVH-Japon-Yukio-Mishima-Portrait02.jpg\"><img loading=\"lazy\" decoding=\"async\" class=\"alignnone wp-image-42\" style=\"width: 699px; height: 934px;\" title=\"Yukio Mishima portrait en Saint S\u00e9bastien\" src=\"https:\/\/medeeenfurie.com\/blog\/wp-content\/uploads\/2011\/02\/OVH-Japon-Yukio-Mishima-Portrait02-766x1024.jpg\" alt=\"\" width=\"700\" height=\"935\" srcset=\"https:\/\/medeeenfurie.com\/blog\/wp-content\/uploads\/2011\/02\/OVH-Japon-Yukio-Mishima-Portrait02-766x1024.jpg 766w, https:\/\/medeeenfurie.com\/blog\/wp-content\/uploads\/2011\/02\/OVH-Japon-Yukio-Mishima-Portrait02-224x300.jpg 224w, https:\/\/medeeenfurie.com\/blog\/wp-content\/uploads\/2011\/02\/OVH-Japon-Yukio-Mishima-Portrait02.jpg 1460w\" sizes=\"auto, (max-width: 700px) 100vw, 700px\" \/><\/a><br \/>\nMishima en Saint S\u00e9bastien (Saint Sebastian en anglais); il aurait eu un de ses premiers \u00e9mois \u00e9rotiques devant un tableau de Guido Reni repr\u00e9sentant le martyre de ce saint. Cette photo est aussi repr\u00e9sentative de son imaginaire \u00e9rotique et morbide si particulier.<br \/>\nMishima in San Sebastian. He would have been one of his first love erotic before a picture by Guido Reni of the martyrdom of this saint. This photo is also representative of its erotic and morbid imagination so special.<\/span><\/p>\n<p><span style=\"font-size: small;\">Photo de Kishin Shinoyama<\/span><\/p>\n<p><span style=\"font-size: small;\">\u00a0<\/span><\/p>\n<p><span style=\"font-size: small;\"><a href=\"https:\/\/medeeenfurie.com\/blog\/wp-content\/uploads\/2011\/02\/OVH-Japon-Yukio-Mishima-Portrait03.jpg\"><img loading=\"lazy\" decoding=\"async\" class=\"alignnone wp-image-43\" title=\"Yukio Mishima portrait apr\u00e8s seppuku\" src=\"https:\/\/medeeenfurie.com\/blog\/wp-content\/uploads\/2011\/02\/OVH-Japon-Yukio-Mishima-Portrait03-1024x836.jpg\" alt=\"\" width=\"700\" height=\"572\" srcset=\"https:\/\/medeeenfurie.com\/blog\/wp-content\/uploads\/2011\/02\/OVH-Japon-Yukio-Mishima-Portrait03-1024x836.jpg 1024w, https:\/\/medeeenfurie.com\/blog\/wp-content\/uploads\/2011\/02\/OVH-Japon-Yukio-Mishima-Portrait03-300x245.jpg 300w\" sizes=\"auto, (max-width: 700px) 100vw, 700px\" \/><\/a><\/span><\/p>\n<p><span style=\"font-size: small;\">Lors de son coup d&rsquo;\u00e9tat, Mishima est mort avec son bras droit Morita. Comme l&rsquo;exigeait la tradition, ils ont eu la t\u00eate coup\u00e9e par un assistant. Elles sont \u00e0 gauche.<br \/>\nDuring his coup d&rsquo;\u00e9tat, Mishima died with his right arm Morita. As required by tradition, they had their heads cut off by an assistant. They are on the left.<\/span><\/p>\n<p><span style=\"font-size: small;\">Photo Asahi Shinbum<\/span><\/p>\n<p><span style=\"font-size: small;\">\u00a0<\/span><\/p>\n<p><span style=\"font-size: small;\">Sur ce blog vous trouverez un article concernant plusieurs livres parus sur Mishima <span style=\"color: #993366;\"><strong><a href=\"http:\/\/japon.canalblog.com\/archives\/2005\/11\/27\/1043429.html\" target=\"_blank\" rel=\"noopener noreferrer\">http:\/\/japon.canalblog.com\/archives\/2005\/11\/27\/1043429.htm<\/a><\/strong><\/span><\/span><\/p>\n<p><span style=\"font-size: small;\">Un article sur le film de Mishima, Y\u00fbkoku, appel\u00e9 aussi Patriotisme et \u00ab\u00a0Rites d&rsquo;amour et de mort\u00a0\u00bb <span style=\"color: #993366;\"><strong><a href=\"http:\/\/japon.canalblog.com\/archives\/2007\/04\/21\/4697178.html\" target=\"_blank\" rel=\"noopener noreferrer\">http:\/\/japon.canalblog.com\/archives\/2007\/04\/21\/4697178.html<\/a><\/strong><\/span><\/span><\/p>\n<p><span style=\"font-size: small;\">\u00a0<\/span><\/p>\n","protected":false},"excerpt":{"rendered":"<p>Yukio Mishima (1945-1970), de son vrai nom Kimitake Hiraoka, fut un tr\u00e8s grand \u00e9crivain japonais. Il s&rsquo;est suicid\u00e9 par seppuku le 25 novembre 1970. C&rsquo;est sa disparition sanglante, lors d&rsquo;un coup d&rsquo;\u00e9tat qui ne pouvait que rater, qui est entr\u00e9 dans l&rsquo;histoire et la m\u00e9moire collective, rel\u00e9guant malheureusement son \u0153uvre&#8230;<\/p>\n<p class=\"continue-reading-button\"> <a class=\"continue-reading-link\" href=\"https:\/\/medeeenfurie.com\/blog\/2011\/02\/03\/test-1-photo-1\/\">Continuer \u00e0 lire<i class=\"crycon-right-dir\"><\/i><\/a><\/p>\n","protected":false},"author":1,"featured_media":0,"comment_status":"closed","ping_status":"open","sticky":false,"template":"","format":"standard","meta":{"footnotes":""},"categories":[37],"tags":[11,5,6],"class_list":["post-3","post","type-post","status-publish","format-standard","hentry","category-japan_japon","tag-japan_japon","tag-mishima","tag-seppuku"],"yoast_head":"<!-- This site is optimized with the Yoast SEO plugin v27.4 - https:\/\/yoast.com\/product\/yoast-seo-wordpress\/ -->\n<title>Yukio Mishima, portraits<\/title>\n<meta name=\"robots\" content=\"index, follow, max-snippet:-1, max-image-preview:large, max-video-preview:-1\" \/>\n<link rel=\"canonical\" href=\"https:\/\/medeeenfurie.com\/blog\/2011\/02\/03\/test-1-photo-1\/\" \/>\n<meta property=\"og:locale\" content=\"fr_FR\" \/>\n<meta property=\"og:type\" content=\"article\" \/>\n<meta property=\"og:title\" content=\"Yukio Mishima, portraits\" \/>\n<meta property=\"og:description\" content=\"Yukio Mishima (1945-1970), de son vrai nom Kimitake Hiraoka, fut un tr\u00e8s grand \u00e9crivain japonais. Il s&rsquo;est suicid\u00e9 par seppuku le 25 novembre 1970. C&rsquo;est sa disparition sanglante, lors d&rsquo;un coup d&rsquo;\u00e9tat qui ne pouvait que rater, qui est entr\u00e9 dans l&rsquo;histoire et la m\u00e9moire collective, rel\u00e9guant malheureusement son \u0153uvre... Continuer \u00e0 lire\" \/>\n<meta property=\"og:url\" content=\"https:\/\/medeeenfurie.com\/blog\/2011\/02\/03\/test-1-photo-1\/\" \/>\n<meta property=\"article:published_time\" content=\"2011-02-03T19:06:54+00:00\" \/>\n<meta property=\"article:modified_time\" content=\"2020-10-16T10:36:49+00:00\" \/>\n<meta property=\"og:image\" content=\"http:\/\/medeeenfurie.com\/blog\/wp-content\/uploads\/2011\/02\/OVH-Japon-Yukio-Mishima-Portrait01-786x1024.jpg\" \/>\n<meta name=\"author\" content=\"David Yukio\" \/>\n<meta name=\"twitter:card\" content=\"summary_large_image\" \/>\n<meta name=\"twitter:label1\" content=\"\u00c9crit par\" \/>\n\t<meta name=\"twitter:data1\" content=\"David Yukio\" \/>\n\t<meta name=\"twitter:label2\" content=\"Dur\u00e9e de lecture estim\u00e9e\" \/>\n\t<meta name=\"twitter:data2\" content=\"2 minutes\" \/>\n<script type=\"application\/ld+json\" class=\"yoast-schema-graph\">{\"@context\":\"https:\\\/\\\/schema.org\",\"@graph\":[{\"@type\":\"Article\",\"@id\":\"https:\\\/\\\/medeeenfurie.com\\\/blog\\\/2011\\\/02\\\/03\\\/test-1-photo-1\\\/#article\",\"isPartOf\":{\"@id\":\"https:\\\/\\\/medeeenfurie.com\\\/blog\\\/2011\\\/02\\\/03\\\/test-1-photo-1\\\/\"},\"author\":{\"name\":\"David Yukio\",\"@id\":\"https:\\\/\\\/medeeenfurie.com\\\/blog\\\/#\\\/schema\\\/person\\\/ef6dda9428a3da22a299c22d2f2f7229\"},\"headline\":\"Yukio Mishima, portraits\",\"datePublished\":\"2011-02-03T19:06:54+00:00\",\"dateModified\":\"2020-10-16T10:36:49+00:00\",\"mainEntityOfPage\":{\"@id\":\"https:\\\/\\\/medeeenfurie.com\\\/blog\\\/2011\\\/02\\\/03\\\/test-1-photo-1\\\/\"},\"wordCount\":375,\"publisher\":{\"@id\":\"https:\\\/\\\/medeeenfurie.com\\\/blog\\\/#\\\/schema\\\/person\\\/ef6dda9428a3da22a299c22d2f2f7229\"},\"image\":{\"@id\":\"https:\\\/\\\/medeeenfurie.com\\\/blog\\\/2011\\\/02\\\/03\\\/test-1-photo-1\\\/#primaryimage\"},\"thumbnailUrl\":\"http:\\\/\\\/medeeenfurie.com\\\/blog\\\/wp-content\\\/uploads\\\/2011\\\/02\\\/OVH-Japon-Yukio-Mishima-Portrait01-786x1024.jpg\",\"keywords\":[\"Japan_Japon\",\"Mishima\",\"Seppuku\"],\"articleSection\":[\"Japan_Japon\"],\"inLanguage\":\"fr-FR\"},{\"@type\":\"WebPage\",\"@id\":\"https:\\\/\\\/medeeenfurie.com\\\/blog\\\/2011\\\/02\\\/03\\\/test-1-photo-1\\\/\",\"url\":\"https:\\\/\\\/medeeenfurie.com\\\/blog\\\/2011\\\/02\\\/03\\\/test-1-photo-1\\\/\",\"name\":\"Yukio Mishima, portraits\",\"isPartOf\":{\"@id\":\"https:\\\/\\\/medeeenfurie.com\\\/blog\\\/#website\"},\"primaryImageOfPage\":{\"@id\":\"https:\\\/\\\/medeeenfurie.com\\\/blog\\\/2011\\\/02\\\/03\\\/test-1-photo-1\\\/#primaryimage\"},\"image\":{\"@id\":\"https:\\\/\\\/medeeenfurie.com\\\/blog\\\/2011\\\/02\\\/03\\\/test-1-photo-1\\\/#primaryimage\"},\"thumbnailUrl\":\"http:\\\/\\\/medeeenfurie.com\\\/blog\\\/wp-content\\\/uploads\\\/2011\\\/02\\\/OVH-Japon-Yukio-Mishima-Portrait01-786x1024.jpg\",\"datePublished\":\"2011-02-03T19:06:54+00:00\",\"dateModified\":\"2020-10-16T10:36:49+00:00\",\"breadcrumb\":{\"@id\":\"https:\\\/\\\/medeeenfurie.com\\\/blog\\\/2011\\\/02\\\/03\\\/test-1-photo-1\\\/#breadcrumb\"},\"inLanguage\":\"fr-FR\",\"potentialAction\":[{\"@type\":\"ReadAction\",\"target\":[\"https:\\\/\\\/medeeenfurie.com\\\/blog\\\/2011\\\/02\\\/03\\\/test-1-photo-1\\\/\"]}]},{\"@type\":\"ImageObject\",\"inLanguage\":\"fr-FR\",\"@id\":\"https:\\\/\\\/medeeenfurie.com\\\/blog\\\/2011\\\/02\\\/03\\\/test-1-photo-1\\\/#primaryimage\",\"url\":\"http:\\\/\\\/medeeenfurie.com\\\/blog\\\/wp-content\\\/uploads\\\/2011\\\/02\\\/OVH-Japon-Yukio-Mishima-Portrait01-786x1024.jpg\",\"contentUrl\":\"http:\\\/\\\/medeeenfurie.com\\\/blog\\\/wp-content\\\/uploads\\\/2011\\\/02\\\/OVH-Japon-Yukio-Mishima-Portrait01-786x1024.jpg\"},{\"@type\":\"BreadcrumbList\",\"@id\":\"https:\\\/\\\/medeeenfurie.com\\\/blog\\\/2011\\\/02\\\/03\\\/test-1-photo-1\\\/#breadcrumb\",\"itemListElement\":[{\"@type\":\"ListItem\",\"position\":1,\"name\":\"Accueil\",\"item\":\"https:\\\/\\\/medeeenfurie.com\\\/blog\\\/\"},{\"@type\":\"ListItem\",\"position\":2,\"name\":\"Yukio Mishima, portraits\"}]},{\"@type\":\"WebSite\",\"@id\":\"https:\\\/\\\/medeeenfurie.com\\\/blog\\\/#website\",\"url\":\"https:\\\/\\\/medeeenfurie.com\\\/blog\\\/\",\"name\":\"M\u00e9d\u00e9e en Furie\",\"description\":\"\",\"publisher\":{\"@id\":\"https:\\\/\\\/medeeenfurie.com\\\/blog\\\/#\\\/schema\\\/person\\\/ef6dda9428a3da22a299c22d2f2f7229\"},\"potentialAction\":[{\"@type\":\"SearchAction\",\"target\":{\"@type\":\"EntryPoint\",\"urlTemplate\":\"https:\\\/\\\/medeeenfurie.com\\\/blog\\\/?s={search_term_string}\"},\"query-input\":{\"@type\":\"PropertyValueSpecification\",\"valueRequired\":true,\"valueName\":\"search_term_string\"}}],\"inLanguage\":\"fr-FR\"},{\"@type\":[\"Person\",\"Organization\"],\"@id\":\"https:\\\/\\\/medeeenfurie.com\\\/blog\\\/#\\\/schema\\\/person\\\/ef6dda9428a3da22a299c22d2f2f7229\",\"name\":\"David Yukio\",\"logo\":{\"@id\":\"https:\\\/\\\/medeeenfurie.com\\\/blog\\\/#\\\/schema\\\/person\\\/image\\\/\"},\"url\":\"https:\\\/\\\/medeeenfurie.com\\\/blog\\\/author\\\/admin\\\/\"}]}<\/script>\n<!-- \/ Yoast SEO plugin. -->","yoast_head_json":{"title":"Yukio Mishima, portraits","robots":{"index":"index","follow":"follow","max-snippet":"max-snippet:-1","max-image-preview":"max-image-preview:large","max-video-preview":"max-video-preview:-1"},"canonical":"https:\/\/medeeenfurie.com\/blog\/2011\/02\/03\/test-1-photo-1\/","og_locale":"fr_FR","og_type":"article","og_title":"Yukio Mishima, portraits","og_description":"Yukio Mishima (1945-1970), de son vrai nom Kimitake Hiraoka, fut un tr\u00e8s grand \u00e9crivain japonais. Il s&rsquo;est suicid\u00e9 par seppuku le 25 novembre 1970. C&rsquo;est sa disparition sanglante, lors d&rsquo;un coup d&rsquo;\u00e9tat qui ne pouvait que rater, qui est entr\u00e9 dans l&rsquo;histoire et la m\u00e9moire collective, rel\u00e9guant malheureusement son \u0153uvre... Continuer \u00e0 lire","og_url":"https:\/\/medeeenfurie.com\/blog\/2011\/02\/03\/test-1-photo-1\/","article_published_time":"2011-02-03T19:06:54+00:00","article_modified_time":"2020-10-16T10:36:49+00:00","og_image":[{"url":"http:\/\/medeeenfurie.com\/blog\/wp-content\/uploads\/2011\/02\/OVH-Japon-Yukio-Mishima-Portrait01-786x1024.jpg","type":"","width":"","height":""}],"author":"David Yukio","twitter_card":"summary_large_image","twitter_misc":{"\u00c9crit par":"David Yukio","Dur\u00e9e de lecture estim\u00e9e":"2 minutes"},"schema":{"@context":"https:\/\/schema.org","@graph":[{"@type":"Article","@id":"https:\/\/medeeenfurie.com\/blog\/2011\/02\/03\/test-1-photo-1\/#article","isPartOf":{"@id":"https:\/\/medeeenfurie.com\/blog\/2011\/02\/03\/test-1-photo-1\/"},"author":{"name":"David Yukio","@id":"https:\/\/medeeenfurie.com\/blog\/#\/schema\/person\/ef6dda9428a3da22a299c22d2f2f7229"},"headline":"Yukio Mishima, portraits","datePublished":"2011-02-03T19:06:54+00:00","dateModified":"2020-10-16T10:36:49+00:00","mainEntityOfPage":{"@id":"https:\/\/medeeenfurie.com\/blog\/2011\/02\/03\/test-1-photo-1\/"},"wordCount":375,"publisher":{"@id":"https:\/\/medeeenfurie.com\/blog\/#\/schema\/person\/ef6dda9428a3da22a299c22d2f2f7229"},"image":{"@id":"https:\/\/medeeenfurie.com\/blog\/2011\/02\/03\/test-1-photo-1\/#primaryimage"},"thumbnailUrl":"http:\/\/medeeenfurie.com\/blog\/wp-content\/uploads\/2011\/02\/OVH-Japon-Yukio-Mishima-Portrait01-786x1024.jpg","keywords":["Japan_Japon","Mishima","Seppuku"],"articleSection":["Japan_Japon"],"inLanguage":"fr-FR"},{"@type":"WebPage","@id":"https:\/\/medeeenfurie.com\/blog\/2011\/02\/03\/test-1-photo-1\/","url":"https:\/\/medeeenfurie.com\/blog\/2011\/02\/03\/test-1-photo-1\/","name":"Yukio Mishima, portraits","isPartOf":{"@id":"https:\/\/medeeenfurie.com\/blog\/#website"},"primaryImageOfPage":{"@id":"https:\/\/medeeenfurie.com\/blog\/2011\/02\/03\/test-1-photo-1\/#primaryimage"},"image":{"@id":"https:\/\/medeeenfurie.com\/blog\/2011\/02\/03\/test-1-photo-1\/#primaryimage"},"thumbnailUrl":"http:\/\/medeeenfurie.com\/blog\/wp-content\/uploads\/2011\/02\/OVH-Japon-Yukio-Mishima-Portrait01-786x1024.jpg","datePublished":"2011-02-03T19:06:54+00:00","dateModified":"2020-10-16T10:36:49+00:00","breadcrumb":{"@id":"https:\/\/medeeenfurie.com\/blog\/2011\/02\/03\/test-1-photo-1\/#breadcrumb"},"inLanguage":"fr-FR","potentialAction":[{"@type":"ReadAction","target":["https:\/\/medeeenfurie.com\/blog\/2011\/02\/03\/test-1-photo-1\/"]}]},{"@type":"ImageObject","inLanguage":"fr-FR","@id":"https:\/\/medeeenfurie.com\/blog\/2011\/02\/03\/test-1-photo-1\/#primaryimage","url":"http:\/\/medeeenfurie.com\/blog\/wp-content\/uploads\/2011\/02\/OVH-Japon-Yukio-Mishima-Portrait01-786x1024.jpg","contentUrl":"http:\/\/medeeenfurie.com\/blog\/wp-content\/uploads\/2011\/02\/OVH-Japon-Yukio-Mishima-Portrait01-786x1024.jpg"},{"@type":"BreadcrumbList","@id":"https:\/\/medeeenfurie.com\/blog\/2011\/02\/03\/test-1-photo-1\/#breadcrumb","itemListElement":[{"@type":"ListItem","position":1,"name":"Accueil","item":"https:\/\/medeeenfurie.com\/blog\/"},{"@type":"ListItem","position":2,"name":"Yukio Mishima, portraits"}]},{"@type":"WebSite","@id":"https:\/\/medeeenfurie.com\/blog\/#website","url":"https:\/\/medeeenfurie.com\/blog\/","name":"M\u00e9d\u00e9e en Furie","description":"","publisher":{"@id":"https:\/\/medeeenfurie.com\/blog\/#\/schema\/person\/ef6dda9428a3da22a299c22d2f2f7229"},"potentialAction":[{"@type":"SearchAction","target":{"@type":"EntryPoint","urlTemplate":"https:\/\/medeeenfurie.com\/blog\/?s={search_term_string}"},"query-input":{"@type":"PropertyValueSpecification","valueRequired":true,"valueName":"search_term_string"}}],"inLanguage":"fr-FR"},{"@type":["Person","Organization"],"@id":"https:\/\/medeeenfurie.com\/blog\/#\/schema\/person\/ef6dda9428a3da22a299c22d2f2f7229","name":"David Yukio","logo":{"@id":"https:\/\/medeeenfurie.com\/blog\/#\/schema\/person\/image\/"},"url":"https:\/\/medeeenfurie.com\/blog\/author\/admin\/"}]}},"_links":{"self":[{"href":"https:\/\/medeeenfurie.com\/blog\/wp-json\/wp\/v2\/posts\/3","targetHints":{"allow":["GET"]}}],"collection":[{"href":"https:\/\/medeeenfurie.com\/blog\/wp-json\/wp\/v2\/posts"}],"about":[{"href":"https:\/\/medeeenfurie.com\/blog\/wp-json\/wp\/v2\/types\/post"}],"author":[{"embeddable":true,"href":"https:\/\/medeeenfurie.com\/blog\/wp-json\/wp\/v2\/users\/1"}],"replies":[{"embeddable":true,"href":"https:\/\/medeeenfurie.com\/blog\/wp-json\/wp\/v2\/comments?post=3"}],"version-history":[{"count":49,"href":"https:\/\/medeeenfurie.com\/blog\/wp-json\/wp\/v2\/posts\/3\/revisions"}],"predecessor-version":[{"id":2573,"href":"https:\/\/medeeenfurie.com\/blog\/wp-json\/wp\/v2\/posts\/3\/revisions\/2573"}],"wp:attachment":[{"href":"https:\/\/medeeenfurie.com\/blog\/wp-json\/wp\/v2\/media?parent=3"}],"wp:term":[{"taxonomy":"category","embeddable":true,"href":"https:\/\/medeeenfurie.com\/blog\/wp-json\/wp\/v2\/categories?post=3"},{"taxonomy":"post_tag","embeddable":true,"href":"https:\/\/medeeenfurie.com\/blog\/wp-json\/wp\/v2\/tags?post=3"}],"curies":[{"name":"wp","href":"https:\/\/api.w.org\/{rel}","templated":true}]}}