{"id":4978,"date":"2024-08-09T11:05:33","date_gmt":"2024-08-09T10:05:33","guid":{"rendered":"https:\/\/medeeenfurie.com\/blog\/?p=4978"},"modified":"2024-08-09T16:20:40","modified_gmt":"2024-08-09T15:20:40","slug":"photos-du-musee-national-de-la-ceramique-de-sevres-2006-photos-of-the-national-ceramics-museum-of-sevres-2006","status":"publish","type":"post","link":"https:\/\/medeeenfurie.com\/blog\/2024\/08\/09\/photos-du-musee-national-de-la-ceramique-de-sevres-2006-photos-of-the-national-ceramics-museum-of-sevres-2006\/","title":{"rendered":"Photos du Mus\u00e9e National de la C\u00e9ramique de S\u00e8vres 2006 &#8211; Photos of the National Ceramics Museum of S\u00e8vres 2006"},"content":{"rendered":"<p>Voici quelques photos du Mus\u00e9e National de la C\u00e9ramique de S\u00e8vres, pr\u00e8s de Paris, prises en 2006.<\/p>\n<p>Selon Internet, \u00ab\u00a0Le terme g\u00e9n\u00e9rique de c\u00e9ramique d\u00e9signe l&rsquo;ensemble des objets fabriqu\u00e9s en terre qui ont subi une transformation physico-chimique irr\u00e9versible au cours d&rsquo;une cuisson \u00e0 temp\u00e9rature plus ou moins \u00e9lev\u00e9e.\u00a0\u00bb Autre point important pour bien comprendre la place de la C\u00e9ramique dans la culture humaine, \u00ab\u00a0La c\u00e9ramique est le premier \u00ab art du feu \u00bb \u00e0 appara\u00eetre, avant le travail du verre et du m\u00e9tal, \u00e0 la fin de la pr\u00e9histoire, au N\u00e9olithique.\u00a0\u00bb<\/p>\n<p>Le mus\u00e9e regorge d&rsquo;assiettes peintes (certaines sont de v\u00e9ritables chefs-d&rsquo;\u0153uvre), de vases, tasses et autres objets de la vie quotidienne.<\/p>\n<p>&nbsp;<\/p>\n<p>Here are some photos of the National Ceramics Museum in S\u00e8vres, near Paris, taken in 2006.<\/p>\n<p>According to the Internet \u00ab\u00a0The generic term ceramic designates all objects made from earth which have undergone an irreversible physico-chemical transformation during firing at more or less high temperatures.\u00a0\u00bb Another important point for understanding the place of Ceramics in human culture, \u00ab\u00a0Ceramic is the first \u00ab\u00a0art of fire\u00a0\u00bb to appear, before the work of glass and metal, at the end of prehistory, in the Neolithic.\u00a0\u00bb<\/p>\n<p>The museum is full of painted plates (some are true masterpieces), vases, cups and other objects of daily life.<\/p>\n<p>&nbsp;<\/p>\n<p><img loading=\"lazy\" decoding=\"async\" class=\"alignnone size-full wp-image-4947\" src=\"https:\/\/medeeenfurie.com\/blog\/wp-content\/uploads\/2024\/08\/OVH-Medee-En-Furie-Musee-National-De-La-Ceramique-De-Sevres-20060909-01.jpg\" alt=\"\" width=\"2048\" height=\"1536\" srcset=\"https:\/\/medeeenfurie.com\/blog\/wp-content\/uploads\/2024\/08\/OVH-Medee-En-Furie-Musee-National-De-La-Ceramique-De-Sevres-20060909-01.jpg 2048w, https:\/\/medeeenfurie.com\/blog\/wp-content\/uploads\/2024\/08\/OVH-Medee-En-Furie-Musee-National-De-La-Ceramique-De-Sevres-20060909-01-768x576.jpg 768w, https:\/\/medeeenfurie.com\/blog\/wp-content\/uploads\/2024\/08\/OVH-Medee-En-Furie-Musee-National-De-La-Ceramique-De-Sevres-20060909-01-1536x1152.jpg 1536w, https:\/\/medeeenfurie.com\/blog\/wp-content\/uploads\/2024\/08\/OVH-Medee-En-Furie-Musee-National-De-La-Ceramique-De-Sevres-20060909-01-150x113.jpg 150w\" sizes=\"auto, (max-width: 2048px) 100vw, 2048px\" \/> <img loading=\"lazy\" decoding=\"async\" class=\"alignnone size-large wp-image-4948\" src=\"https:\/\/medeeenfurie.com\/blog\/wp-content\/uploads\/2024\/08\/OVH-Medee-En-Furie-Musee-National-De-La-Ceramique-De-Sevres-20060909-02.jpg\" alt=\"\" width=\"1536\" height=\"2048\" srcset=\"https:\/\/medeeenfurie.com\/blog\/wp-content\/uploads\/2024\/08\/OVH-Medee-En-Furie-Musee-National-De-La-Ceramique-De-Sevres-20060909-02.jpg 1536w, https:\/\/medeeenfurie.com\/blog\/wp-content\/uploads\/2024\/08\/OVH-Medee-En-Furie-Musee-National-De-La-Ceramique-De-Sevres-20060909-02-768x1024.jpg 768w, https:\/\/medeeenfurie.com\/blog\/wp-content\/uploads\/2024\/08\/OVH-Medee-En-Furie-Musee-National-De-La-Ceramique-De-Sevres-20060909-02-1152x1536.jpg 1152w, https:\/\/medeeenfurie.com\/blog\/wp-content\/uploads\/2024\/08\/OVH-Medee-En-Furie-Musee-National-De-La-Ceramique-De-Sevres-20060909-02-113x150.jpg 113w\" sizes=\"auto, (max-width: 1536px) 100vw, 1536px\" \/> <img loading=\"lazy\" decoding=\"async\" class=\"alignnone size-full wp-image-4977\" src=\"https:\/\/medeeenfurie.com\/blog\/wp-content\/uploads\/2024\/08\/OVH-Medee-En-Furie-Musee-National-De-La-Ceramique-De-Sevres-20060909-30.jpg\" alt=\"\" width=\"2048\" height=\"1536\" srcset=\"https:\/\/medeeenfurie.com\/blog\/wp-content\/uploads\/2024\/08\/OVH-Medee-En-Furie-Musee-National-De-La-Ceramique-De-Sevres-20060909-30.jpg 2048w, https:\/\/medeeenfurie.com\/blog\/wp-content\/uploads\/2024\/08\/OVH-Medee-En-Furie-Musee-National-De-La-Ceramique-De-Sevres-20060909-30-768x576.jpg 768w, https:\/\/medeeenfurie.com\/blog\/wp-content\/uploads\/2024\/08\/OVH-Medee-En-Furie-Musee-National-De-La-Ceramique-De-Sevres-20060909-30-1536x1152.jpg 1536w, https:\/\/medeeenfurie.com\/blog\/wp-content\/uploads\/2024\/08\/OVH-Medee-En-Furie-Musee-National-De-La-Ceramique-De-Sevres-20060909-30-150x113.jpg 150w\" sizes=\"auto, (max-width: 2048px) 100vw, 2048px\" \/> <img loading=\"lazy\" decoding=\"async\" class=\"alignnone size-large wp-image-4949\" src=\"https:\/\/medeeenfurie.com\/blog\/wp-content\/uploads\/2024\/08\/OVH-Medee-En-Furie-Musee-National-De-La-Ceramique-De-Sevres-20060909-03.jpg\" alt=\"\" width=\"1536\" height=\"2048\" srcset=\"https:\/\/medeeenfurie.com\/blog\/wp-content\/uploads\/2024\/08\/OVH-Medee-En-Furie-Musee-National-De-La-Ceramique-De-Sevres-20060909-03.jpg 1536w, https:\/\/medeeenfurie.com\/blog\/wp-content\/uploads\/2024\/08\/OVH-Medee-En-Furie-Musee-National-De-La-Ceramique-De-Sevres-20060909-03-768x1024.jpg 768w, https:\/\/medeeenfurie.com\/blog\/wp-content\/uploads\/2024\/08\/OVH-Medee-En-Furie-Musee-National-De-La-Ceramique-De-Sevres-20060909-03-1152x1536.jpg 1152w, https:\/\/medeeenfurie.com\/blog\/wp-content\/uploads\/2024\/08\/OVH-Medee-En-Furie-Musee-National-De-La-Ceramique-De-Sevres-20060909-03-113x150.jpg 113w\" sizes=\"auto, (max-width: 1536px) 100vw, 1536px\" \/> <img loading=\"lazy\" decoding=\"async\" class=\"alignnone size-large wp-image-4975\" src=\"https:\/\/medeeenfurie.com\/blog\/wp-content\/uploads\/2024\/08\/OVH-Medee-En-Furie-Musee-National-De-La-Ceramique-De-Sevres-20060909-28.jpg\" alt=\"\" width=\"2048\" height=\"1536\" srcset=\"https:\/\/medeeenfurie.com\/blog\/wp-content\/uploads\/2024\/08\/OVH-Medee-En-Furie-Musee-National-De-La-Ceramique-De-Sevres-20060909-28.jpg 2048w, https:\/\/medeeenfurie.com\/blog\/wp-content\/uploads\/2024\/08\/OVH-Medee-En-Furie-Musee-National-De-La-Ceramique-De-Sevres-20060909-28-768x576.jpg 768w, https:\/\/medeeenfurie.com\/blog\/wp-content\/uploads\/2024\/08\/OVH-Medee-En-Furie-Musee-National-De-La-Ceramique-De-Sevres-20060909-28-1536x1152.jpg 1536w, https:\/\/medeeenfurie.com\/blog\/wp-content\/uploads\/2024\/08\/OVH-Medee-En-Furie-Musee-National-De-La-Ceramique-De-Sevres-20060909-28-150x113.jpg 150w\" sizes=\"auto, (max-width: 2048px) 100vw, 2048px\" \/> <img loading=\"lazy\" decoding=\"async\" class=\"alignnone size-large wp-image-4976\" src=\"https:\/\/medeeenfurie.com\/blog\/wp-content\/uploads\/2024\/08\/OVH-Medee-En-Furie-Musee-National-De-La-Ceramique-De-Sevres-20060909-29.jpg\" alt=\"\" width=\"2048\" height=\"1536\" srcset=\"https:\/\/medeeenfurie.com\/blog\/wp-content\/uploads\/2024\/08\/OVH-Medee-En-Furie-Musee-National-De-La-Ceramique-De-Sevres-20060909-29.jpg 2048w, https:\/\/medeeenfurie.com\/blog\/wp-content\/uploads\/2024\/08\/OVH-Medee-En-Furie-Musee-National-De-La-Ceramique-De-Sevres-20060909-29-768x576.jpg 768w, https:\/\/medeeenfurie.com\/blog\/wp-content\/uploads\/2024\/08\/OVH-Medee-En-Furie-Musee-National-De-La-Ceramique-De-Sevres-20060909-29-1536x1152.jpg 1536w, https:\/\/medeeenfurie.com\/blog\/wp-content\/uploads\/2024\/08\/OVH-Medee-En-Furie-Musee-National-De-La-Ceramique-De-Sevres-20060909-29-150x113.jpg 150w\" sizes=\"auto, (max-width: 2048px) 100vw, 2048px\" \/> <img loading=\"lazy\" decoding=\"async\" class=\"alignnone size-large wp-image-4968\" src=\"https:\/\/medeeenfurie.com\/blog\/wp-content\/uploads\/2024\/08\/OVH-Medee-En-Furie-Musee-National-De-La-Ceramique-De-Sevres-20060909-21.jpg\" alt=\"\" width=\"2048\" height=\"1536\" srcset=\"https:\/\/medeeenfurie.com\/blog\/wp-content\/uploads\/2024\/08\/OVH-Medee-En-Furie-Musee-National-De-La-Ceramique-De-Sevres-20060909-21.jpg 2048w, https:\/\/medeeenfurie.com\/blog\/wp-content\/uploads\/2024\/08\/OVH-Medee-En-Furie-Musee-National-De-La-Ceramique-De-Sevres-20060909-21-768x576.jpg 768w, https:\/\/medeeenfurie.com\/blog\/wp-content\/uploads\/2024\/08\/OVH-Medee-En-Furie-Musee-National-De-La-Ceramique-De-Sevres-20060909-21-1536x1152.jpg 1536w, https:\/\/medeeenfurie.com\/blog\/wp-content\/uploads\/2024\/08\/OVH-Medee-En-Furie-Musee-National-De-La-Ceramique-De-Sevres-20060909-21-150x113.jpg 150w\" sizes=\"auto, (max-width: 2048px) 100vw, 2048px\" \/> <img loading=\"lazy\" decoding=\"async\" class=\"alignnone size-large wp-image-4954\" src=\"https:\/\/medeeenfurie.com\/blog\/wp-content\/uploads\/2024\/08\/OVH-Medee-En-Furie-Musee-National-De-La-Ceramique-De-Sevres-20060909-08.jpg\" alt=\"\" width=\"2048\" height=\"1536\" srcset=\"https:\/\/medeeenfurie.com\/blog\/wp-content\/uploads\/2024\/08\/OVH-Medee-En-Furie-Musee-National-De-La-Ceramique-De-Sevres-20060909-08.jpg 2048w, https:\/\/medeeenfurie.com\/blog\/wp-content\/uploads\/2024\/08\/OVH-Medee-En-Furie-Musee-National-De-La-Ceramique-De-Sevres-20060909-08-768x576.jpg 768w, https:\/\/medeeenfurie.com\/blog\/wp-content\/uploads\/2024\/08\/OVH-Medee-En-Furie-Musee-National-De-La-Ceramique-De-Sevres-20060909-08-1536x1152.jpg 1536w, https:\/\/medeeenfurie.com\/blog\/wp-content\/uploads\/2024\/08\/OVH-Medee-En-Furie-Musee-National-De-La-Ceramique-De-Sevres-20060909-08-150x113.jpg 150w\" sizes=\"auto, (max-width: 2048px) 100vw, 2048px\" \/> <img loading=\"lazy\" decoding=\"async\" class=\"alignnone size-large wp-image-4950\" src=\"https:\/\/medeeenfurie.com\/blog\/wp-content\/uploads\/2024\/08\/OVH-Medee-En-Furie-Musee-National-De-La-Ceramique-De-Sevres-20060909-04.jpg\" alt=\"\" width=\"2048\" height=\"1536\" srcset=\"https:\/\/medeeenfurie.com\/blog\/wp-content\/uploads\/2024\/08\/OVH-Medee-En-Furie-Musee-National-De-La-Ceramique-De-Sevres-20060909-04.jpg 2048w, https:\/\/medeeenfurie.com\/blog\/wp-content\/uploads\/2024\/08\/OVH-Medee-En-Furie-Musee-National-De-La-Ceramique-De-Sevres-20060909-04-768x576.jpg 768w, https:\/\/medeeenfurie.com\/blog\/wp-content\/uploads\/2024\/08\/OVH-Medee-En-Furie-Musee-National-De-La-Ceramique-De-Sevres-20060909-04-1536x1152.jpg 1536w, https:\/\/medeeenfurie.com\/blog\/wp-content\/uploads\/2024\/08\/OVH-Medee-En-Furie-Musee-National-De-La-Ceramique-De-Sevres-20060909-04-150x113.jpg 150w\" sizes=\"auto, (max-width: 2048px) 100vw, 2048px\" \/> <img loading=\"lazy\" decoding=\"async\" class=\"alignnone size-large wp-image-4957\" src=\"https:\/\/medeeenfurie.com\/blog\/wp-content\/uploads\/2024\/08\/OVH-Medee-En-Furie-Musee-National-De-La-Ceramique-De-Sevres-20060909-11.jpg\" alt=\"\" width=\"1536\" height=\"2048\" srcset=\"https:\/\/medeeenfurie.com\/blog\/wp-content\/uploads\/2024\/08\/OVH-Medee-En-Furie-Musee-National-De-La-Ceramique-De-Sevres-20060909-11.jpg 1536w, https:\/\/medeeenfurie.com\/blog\/wp-content\/uploads\/2024\/08\/OVH-Medee-En-Furie-Musee-National-De-La-Ceramique-De-Sevres-20060909-11-768x1024.jpg 768w, https:\/\/medeeenfurie.com\/blog\/wp-content\/uploads\/2024\/08\/OVH-Medee-En-Furie-Musee-National-De-La-Ceramique-De-Sevres-20060909-11-1152x1536.jpg 1152w, https:\/\/medeeenfurie.com\/blog\/wp-content\/uploads\/2024\/08\/OVH-Medee-En-Furie-Musee-National-De-La-Ceramique-De-Sevres-20060909-11-113x150.jpg 113w\" sizes=\"auto, (max-width: 1536px) 100vw, 1536px\" \/> <img loading=\"lazy\" decoding=\"async\" class=\"alignnone size-large wp-image-4962\" src=\"https:\/\/medeeenfurie.com\/blog\/wp-content\/uploads\/2024\/08\/OVH-Medee-En-Furie-Musee-National-De-La-Ceramique-De-Sevres-20060909-16.jpg\" alt=\"\" width=\"2048\" height=\"1536\" srcset=\"https:\/\/medeeenfurie.com\/blog\/wp-content\/uploads\/2024\/08\/OVH-Medee-En-Furie-Musee-National-De-La-Ceramique-De-Sevres-20060909-16.jpg 2048w, https:\/\/medeeenfurie.com\/blog\/wp-content\/uploads\/2024\/08\/OVH-Medee-En-Furie-Musee-National-De-La-Ceramique-De-Sevres-20060909-16-768x576.jpg 768w, https:\/\/medeeenfurie.com\/blog\/wp-content\/uploads\/2024\/08\/OVH-Medee-En-Furie-Musee-National-De-La-Ceramique-De-Sevres-20060909-16-1536x1152.jpg 1536w, https:\/\/medeeenfurie.com\/blog\/wp-content\/uploads\/2024\/08\/OVH-Medee-En-Furie-Musee-National-De-La-Ceramique-De-Sevres-20060909-16-150x113.jpg 150w\" sizes=\"auto, (max-width: 2048px) 100vw, 2048px\" \/> <img loading=\"lazy\" decoding=\"async\" class=\"alignnone size-large wp-image-4969\" src=\"https:\/\/medeeenfurie.com\/blog\/wp-content\/uploads\/2024\/08\/OVH-Medee-En-Furie-Musee-National-De-La-Ceramique-De-Sevres-20060909-22.jpg\" alt=\"\" width=\"2048\" height=\"1536\" srcset=\"https:\/\/medeeenfurie.com\/blog\/wp-content\/uploads\/2024\/08\/OVH-Medee-En-Furie-Musee-National-De-La-Ceramique-De-Sevres-20060909-22.jpg 2048w, https:\/\/medeeenfurie.com\/blog\/wp-content\/uploads\/2024\/08\/OVH-Medee-En-Furie-Musee-National-De-La-Ceramique-De-Sevres-20060909-22-768x576.jpg 768w, https:\/\/medeeenfurie.com\/blog\/wp-content\/uploads\/2024\/08\/OVH-Medee-En-Furie-Musee-National-De-La-Ceramique-De-Sevres-20060909-22-1536x1152.jpg 1536w, https:\/\/medeeenfurie.com\/blog\/wp-content\/uploads\/2024\/08\/OVH-Medee-En-Furie-Musee-National-De-La-Ceramique-De-Sevres-20060909-22-150x113.jpg 150w\" sizes=\"auto, (max-width: 2048px) 100vw, 2048px\" \/> <img loading=\"lazy\" decoding=\"async\" class=\"alignnone size-large wp-image-4964\" src=\"https:\/\/medeeenfurie.com\/blog\/wp-content\/uploads\/2024\/08\/OVH-Medee-En-Furie-Musee-National-De-La-Ceramique-De-Sevres-20060909-18.jpg\" alt=\"\" width=\"2048\" height=\"1536\" srcset=\"https:\/\/medeeenfurie.com\/blog\/wp-content\/uploads\/2024\/08\/OVH-Medee-En-Furie-Musee-National-De-La-Ceramique-De-Sevres-20060909-18.jpg 2048w, https:\/\/medeeenfurie.com\/blog\/wp-content\/uploads\/2024\/08\/OVH-Medee-En-Furie-Musee-National-De-La-Ceramique-De-Sevres-20060909-18-768x576.jpg 768w, https:\/\/medeeenfurie.com\/blog\/wp-content\/uploads\/2024\/08\/OVH-Medee-En-Furie-Musee-National-De-La-Ceramique-De-Sevres-20060909-18-1536x1152.jpg 1536w, https:\/\/medeeenfurie.com\/blog\/wp-content\/uploads\/2024\/08\/OVH-Medee-En-Furie-Musee-National-De-La-Ceramique-De-Sevres-20060909-18-150x113.jpg 150w\" sizes=\"auto, (max-width: 2048px) 100vw, 2048px\" \/> <img loading=\"lazy\" decoding=\"async\" class=\"alignnone size-large wp-image-4959\" src=\"https:\/\/medeeenfurie.com\/blog\/wp-content\/uploads\/2024\/08\/OVH-Medee-En-Furie-Musee-National-De-La-Ceramique-De-Sevres-20060909-13.jpg\" alt=\"\" width=\"2048\" height=\"1536\" srcset=\"https:\/\/medeeenfurie.com\/blog\/wp-content\/uploads\/2024\/08\/OVH-Medee-En-Furie-Musee-National-De-La-Ceramique-De-Sevres-20060909-13.jpg 2048w, https:\/\/medeeenfurie.com\/blog\/wp-content\/uploads\/2024\/08\/OVH-Medee-En-Furie-Musee-National-De-La-Ceramique-De-Sevres-20060909-13-768x576.jpg 768w, https:\/\/medeeenfurie.com\/blog\/wp-content\/uploads\/2024\/08\/OVH-Medee-En-Furie-Musee-National-De-La-Ceramique-De-Sevres-20060909-13-1536x1152.jpg 1536w, https:\/\/medeeenfurie.com\/blog\/wp-content\/uploads\/2024\/08\/OVH-Medee-En-Furie-Musee-National-De-La-Ceramique-De-Sevres-20060909-13-150x113.jpg 150w\" sizes=\"auto, (max-width: 2048px) 100vw, 2048px\" \/> <img loading=\"lazy\" decoding=\"async\" class=\"alignnone size-large wp-image-4958\" src=\"https:\/\/medeeenfurie.com\/blog\/wp-content\/uploads\/2024\/08\/OVH-Medee-En-Furie-Musee-National-De-La-Ceramique-De-Sevres-20060909-12.jpg\" alt=\"\" width=\"2048\" height=\"1536\" srcset=\"https:\/\/medeeenfurie.com\/blog\/wp-content\/uploads\/2024\/08\/OVH-Medee-En-Furie-Musee-National-De-La-Ceramique-De-Sevres-20060909-12.jpg 2048w, https:\/\/medeeenfurie.com\/blog\/wp-content\/uploads\/2024\/08\/OVH-Medee-En-Furie-Musee-National-De-La-Ceramique-De-Sevres-20060909-12-768x576.jpg 768w, https:\/\/medeeenfurie.com\/blog\/wp-content\/uploads\/2024\/08\/OVH-Medee-En-Furie-Musee-National-De-La-Ceramique-De-Sevres-20060909-12-1536x1152.jpg 1536w, https:\/\/medeeenfurie.com\/blog\/wp-content\/uploads\/2024\/08\/OVH-Medee-En-Furie-Musee-National-De-La-Ceramique-De-Sevres-20060909-12-150x113.jpg 150w\" sizes=\"auto, (max-width: 2048px) 100vw, 2048px\" \/> <img loading=\"lazy\" decoding=\"async\" class=\"alignnone size-large wp-image-4955\" src=\"https:\/\/medeeenfurie.com\/blog\/wp-content\/uploads\/2024\/08\/OVH-Medee-En-Furie-Musee-National-De-La-Ceramique-De-Sevres-20060909-09.jpg\" alt=\"\" width=\"2048\" height=\"1536\" srcset=\"https:\/\/medeeenfurie.com\/blog\/wp-content\/uploads\/2024\/08\/OVH-Medee-En-Furie-Musee-National-De-La-Ceramique-De-Sevres-20060909-09.jpg 2048w, https:\/\/medeeenfurie.com\/blog\/wp-content\/uploads\/2024\/08\/OVH-Medee-En-Furie-Musee-National-De-La-Ceramique-De-Sevres-20060909-09-768x576.jpg 768w, https:\/\/medeeenfurie.com\/blog\/wp-content\/uploads\/2024\/08\/OVH-Medee-En-Furie-Musee-National-De-La-Ceramique-De-Sevres-20060909-09-1536x1152.jpg 1536w, https:\/\/medeeenfurie.com\/blog\/wp-content\/uploads\/2024\/08\/OVH-Medee-En-Furie-Musee-National-De-La-Ceramique-De-Sevres-20060909-09-150x113.jpg 150w\" sizes=\"auto, (max-width: 2048px) 100vw, 2048px\" \/> <img loading=\"lazy\" decoding=\"async\" class=\"alignnone size-large wp-image-4953\" src=\"https:\/\/medeeenfurie.com\/blog\/wp-content\/uploads\/2024\/08\/OVH-Medee-En-Furie-Musee-National-De-La-Ceramique-De-Sevres-20060909-07.jpg\" alt=\"\" width=\"2048\" height=\"1536\" srcset=\"https:\/\/medeeenfurie.com\/blog\/wp-content\/uploads\/2024\/08\/OVH-Medee-En-Furie-Musee-National-De-La-Ceramique-De-Sevres-20060909-07.jpg 2048w, https:\/\/medeeenfurie.com\/blog\/wp-content\/uploads\/2024\/08\/OVH-Medee-En-Furie-Musee-National-De-La-Ceramique-De-Sevres-20060909-07-768x576.jpg 768w, https:\/\/medeeenfurie.com\/blog\/wp-content\/uploads\/2024\/08\/OVH-Medee-En-Furie-Musee-National-De-La-Ceramique-De-Sevres-20060909-07-1536x1152.jpg 1536w, https:\/\/medeeenfurie.com\/blog\/wp-content\/uploads\/2024\/08\/OVH-Medee-En-Furie-Musee-National-De-La-Ceramique-De-Sevres-20060909-07-150x113.jpg 150w\" sizes=\"auto, (max-width: 2048px) 100vw, 2048px\" \/> <img loading=\"lazy\" decoding=\"async\" class=\"alignnone size-large wp-image-4952\" src=\"https:\/\/medeeenfurie.com\/blog\/wp-content\/uploads\/2024\/08\/OVH-Medee-En-Furie-Musee-National-De-La-Ceramique-De-Sevres-20060909-06.jpg\" alt=\"\" width=\"2048\" height=\"1536\" srcset=\"https:\/\/medeeenfurie.com\/blog\/wp-content\/uploads\/2024\/08\/OVH-Medee-En-Furie-Musee-National-De-La-Ceramique-De-Sevres-20060909-06.jpg 2048w, https:\/\/medeeenfurie.com\/blog\/wp-content\/uploads\/2024\/08\/OVH-Medee-En-Furie-Musee-National-De-La-Ceramique-De-Sevres-20060909-06-768x576.jpg 768w, https:\/\/medeeenfurie.com\/blog\/wp-content\/uploads\/2024\/08\/OVH-Medee-En-Furie-Musee-National-De-La-Ceramique-De-Sevres-20060909-06-1536x1152.jpg 1536w, https:\/\/medeeenfurie.com\/blog\/wp-content\/uploads\/2024\/08\/OVH-Medee-En-Furie-Musee-National-De-La-Ceramique-De-Sevres-20060909-06-150x113.jpg 150w\" sizes=\"auto, (max-width: 2048px) 100vw, 2048px\" \/> <img loading=\"lazy\" decoding=\"async\" class=\"alignnone size-large wp-image-4951\" src=\"https:\/\/medeeenfurie.com\/blog\/wp-content\/uploads\/2024\/08\/OVH-Medee-En-Furie-Musee-National-De-La-Ceramique-De-Sevres-20060909-05.jpg\" alt=\"\" width=\"2048\" height=\"1536\" srcset=\"https:\/\/medeeenfurie.com\/blog\/wp-content\/uploads\/2024\/08\/OVH-Medee-En-Furie-Musee-National-De-La-Ceramique-De-Sevres-20060909-05.jpg 2048w, https:\/\/medeeenfurie.com\/blog\/wp-content\/uploads\/2024\/08\/OVH-Medee-En-Furie-Musee-National-De-La-Ceramique-De-Sevres-20060909-05-768x576.jpg 768w, https:\/\/medeeenfurie.com\/blog\/wp-content\/uploads\/2024\/08\/OVH-Medee-En-Furie-Musee-National-De-La-Ceramique-De-Sevres-20060909-05-1536x1152.jpg 1536w, https:\/\/medeeenfurie.com\/blog\/wp-content\/uploads\/2024\/08\/OVH-Medee-En-Furie-Musee-National-De-La-Ceramique-De-Sevres-20060909-05-150x113.jpg 150w\" sizes=\"auto, (max-width: 2048px) 100vw, 2048px\" \/> <img loading=\"lazy\" decoding=\"async\" class=\"alignnone size-large wp-image-4970\" src=\"https:\/\/medeeenfurie.com\/blog\/wp-content\/uploads\/2024\/08\/OVH-Medee-En-Furie-Musee-National-De-La-Ceramique-De-Sevres-20060909-23.jpg\" alt=\"\" width=\"2048\" height=\"1536\" srcset=\"https:\/\/medeeenfurie.com\/blog\/wp-content\/uploads\/2024\/08\/OVH-Medee-En-Furie-Musee-National-De-La-Ceramique-De-Sevres-20060909-23.jpg 2048w, https:\/\/medeeenfurie.com\/blog\/wp-content\/uploads\/2024\/08\/OVH-Medee-En-Furie-Musee-National-De-La-Ceramique-De-Sevres-20060909-23-768x576.jpg 768w, https:\/\/medeeenfurie.com\/blog\/wp-content\/uploads\/2024\/08\/OVH-Medee-En-Furie-Musee-National-De-La-Ceramique-De-Sevres-20060909-23-1536x1152.jpg 1536w, https:\/\/medeeenfurie.com\/blog\/wp-content\/uploads\/2024\/08\/OVH-Medee-En-Furie-Musee-National-De-La-Ceramique-De-Sevres-20060909-23-150x113.jpg 150w\" sizes=\"auto, (max-width: 2048px) 100vw, 2048px\" \/> <img loading=\"lazy\" decoding=\"async\" class=\"alignnone size-large wp-image-4963\" src=\"https:\/\/medeeenfurie.com\/blog\/wp-content\/uploads\/2024\/08\/OVH-Medee-En-Furie-Musee-National-De-La-Ceramique-De-Sevres-20060909-17.jpg\" alt=\"\" width=\"2048\" height=\"1536\" srcset=\"https:\/\/medeeenfurie.com\/blog\/wp-content\/uploads\/2024\/08\/OVH-Medee-En-Furie-Musee-National-De-La-Ceramique-De-Sevres-20060909-17.jpg 2048w, https:\/\/medeeenfurie.com\/blog\/wp-content\/uploads\/2024\/08\/OVH-Medee-En-Furie-Musee-National-De-La-Ceramique-De-Sevres-20060909-17-768x576.jpg 768w, https:\/\/medeeenfurie.com\/blog\/wp-content\/uploads\/2024\/08\/OVH-Medee-En-Furie-Musee-National-De-La-Ceramique-De-Sevres-20060909-17-1536x1152.jpg 1536w, https:\/\/medeeenfurie.com\/blog\/wp-content\/uploads\/2024\/08\/OVH-Medee-En-Furie-Musee-National-De-La-Ceramique-De-Sevres-20060909-17-150x113.jpg 150w\" sizes=\"auto, (max-width: 2048px) 100vw, 2048px\" \/> <img loading=\"lazy\" decoding=\"async\" class=\"alignnone size-large wp-image-4956\" src=\"https:\/\/medeeenfurie.com\/blog\/wp-content\/uploads\/2024\/08\/OVH-Medee-En-Furie-Musee-National-De-La-Ceramique-De-Sevres-20060909-10.jpg\" alt=\"\" width=\"2048\" height=\"1536\" srcset=\"https:\/\/medeeenfurie.com\/blog\/wp-content\/uploads\/2024\/08\/OVH-Medee-En-Furie-Musee-National-De-La-Ceramique-De-Sevres-20060909-10.jpg 2048w, https:\/\/medeeenfurie.com\/blog\/wp-content\/uploads\/2024\/08\/OVH-Medee-En-Furie-Musee-National-De-La-Ceramique-De-Sevres-20060909-10-768x576.jpg 768w, https:\/\/medeeenfurie.com\/blog\/wp-content\/uploads\/2024\/08\/OVH-Medee-En-Furie-Musee-National-De-La-Ceramique-De-Sevres-20060909-10-1536x1152.jpg 1536w, https:\/\/medeeenfurie.com\/blog\/wp-content\/uploads\/2024\/08\/OVH-Medee-En-Furie-Musee-National-De-La-Ceramique-De-Sevres-20060909-10-150x113.jpg 150w\" sizes=\"auto, (max-width: 2048px) 100vw, 2048px\" \/> <img loading=\"lazy\" decoding=\"async\" class=\"alignnone size-large wp-image-4960\" src=\"https:\/\/medeeenfurie.com\/blog\/wp-content\/uploads\/2024\/08\/OVH-Medee-En-Furie-Musee-National-De-La-Ceramique-De-Sevres-20060909-14.jpg\" alt=\"\" width=\"1536\" height=\"2048\" srcset=\"https:\/\/medeeenfurie.com\/blog\/wp-content\/uploads\/2024\/08\/OVH-Medee-En-Furie-Musee-National-De-La-Ceramique-De-Sevres-20060909-14.jpg 1536w, https:\/\/medeeenfurie.com\/blog\/wp-content\/uploads\/2024\/08\/OVH-Medee-En-Furie-Musee-National-De-La-Ceramique-De-Sevres-20060909-14-768x1024.jpg 768w, https:\/\/medeeenfurie.com\/blog\/wp-content\/uploads\/2024\/08\/OVH-Medee-En-Furie-Musee-National-De-La-Ceramique-De-Sevres-20060909-14-1152x1536.jpg 1152w, https:\/\/medeeenfurie.com\/blog\/wp-content\/uploads\/2024\/08\/OVH-Medee-En-Furie-Musee-National-De-La-Ceramique-De-Sevres-20060909-14-113x150.jpg 113w\" sizes=\"auto, (max-width: 1536px) 100vw, 1536px\" \/> <img loading=\"lazy\" decoding=\"async\" class=\"alignnone size-large wp-image-4965\" src=\"https:\/\/medeeenfurie.com\/blog\/wp-content\/uploads\/2024\/08\/OVH-Medee-En-Furie-Musee-National-De-La-Ceramique-De-Sevres-20060909-19.jpg\" alt=\"\" width=\"1536\" height=\"2048\" srcset=\"https:\/\/medeeenfurie.com\/blog\/wp-content\/uploads\/2024\/08\/OVH-Medee-En-Furie-Musee-National-De-La-Ceramique-De-Sevres-20060909-19.jpg 1536w, https:\/\/medeeenfurie.com\/blog\/wp-content\/uploads\/2024\/08\/OVH-Medee-En-Furie-Musee-National-De-La-Ceramique-De-Sevres-20060909-19-768x1024.jpg 768w, https:\/\/medeeenfurie.com\/blog\/wp-content\/uploads\/2024\/08\/OVH-Medee-En-Furie-Musee-National-De-La-Ceramique-De-Sevres-20060909-19-1152x1536.jpg 1152w, https:\/\/medeeenfurie.com\/blog\/wp-content\/uploads\/2024\/08\/OVH-Medee-En-Furie-Musee-National-De-La-Ceramique-De-Sevres-20060909-19-113x150.jpg 113w\" sizes=\"auto, (max-width: 1536px) 100vw, 1536px\" \/> <img loading=\"lazy\" decoding=\"async\" class=\"alignnone size-large wp-image-4961\" src=\"https:\/\/medeeenfurie.com\/blog\/wp-content\/uploads\/2024\/08\/OVH-Medee-En-Furie-Musee-National-De-La-Ceramique-De-Sevres-20060909-15.jpg\" alt=\"\" width=\"1536\" height=\"2048\" srcset=\"https:\/\/medeeenfurie.com\/blog\/wp-content\/uploads\/2024\/08\/OVH-Medee-En-Furie-Musee-National-De-La-Ceramique-De-Sevres-20060909-15.jpg 1536w, https:\/\/medeeenfurie.com\/blog\/wp-content\/uploads\/2024\/08\/OVH-Medee-En-Furie-Musee-National-De-La-Ceramique-De-Sevres-20060909-15-768x1024.jpg 768w, https:\/\/medeeenfurie.com\/blog\/wp-content\/uploads\/2024\/08\/OVH-Medee-En-Furie-Musee-National-De-La-Ceramique-De-Sevres-20060909-15-1152x1536.jpg 1152w, https:\/\/medeeenfurie.com\/blog\/wp-content\/uploads\/2024\/08\/OVH-Medee-En-Furie-Musee-National-De-La-Ceramique-De-Sevres-20060909-15-113x150.jpg 113w\" sizes=\"auto, (max-width: 1536px) 100vw, 1536px\" \/> <img loading=\"lazy\" decoding=\"async\" class=\"alignnone size-large wp-image-4966\" src=\"https:\/\/medeeenfurie.com\/blog\/wp-content\/uploads\/2024\/08\/OVH-Medee-En-Furie-Musee-National-De-La-Ceramique-De-Sevres-20060909-20.jpg\" alt=\"\" width=\"1536\" height=\"2048\" srcset=\"https:\/\/medeeenfurie.com\/blog\/wp-content\/uploads\/2024\/08\/OVH-Medee-En-Furie-Musee-National-De-La-Ceramique-De-Sevres-20060909-20.jpg 1536w, https:\/\/medeeenfurie.com\/blog\/wp-content\/uploads\/2024\/08\/OVH-Medee-En-Furie-Musee-National-De-La-Ceramique-De-Sevres-20060909-20-768x1024.jpg 768w, https:\/\/medeeenfurie.com\/blog\/wp-content\/uploads\/2024\/08\/OVH-Medee-En-Furie-Musee-National-De-La-Ceramique-De-Sevres-20060909-20-1152x1536.jpg 1152w, https:\/\/medeeenfurie.com\/blog\/wp-content\/uploads\/2024\/08\/OVH-Medee-En-Furie-Musee-National-De-La-Ceramique-De-Sevres-20060909-20-113x150.jpg 113w\" sizes=\"auto, (max-width: 1536px) 100vw, 1536px\" \/> <img loading=\"lazy\" decoding=\"async\" class=\"alignnone size-large wp-image-4971\" src=\"https:\/\/medeeenfurie.com\/blog\/wp-content\/uploads\/2024\/08\/OVH-Medee-En-Furie-Musee-National-De-La-Ceramique-De-Sevres-20060909-24.jpg\" alt=\"\" width=\"2048\" height=\"1536\" srcset=\"https:\/\/medeeenfurie.com\/blog\/wp-content\/uploads\/2024\/08\/OVH-Medee-En-Furie-Musee-National-De-La-Ceramique-De-Sevres-20060909-24.jpg 2048w, https:\/\/medeeenfurie.com\/blog\/wp-content\/uploads\/2024\/08\/OVH-Medee-En-Furie-Musee-National-De-La-Ceramique-De-Sevres-20060909-24-768x576.jpg 768w, https:\/\/medeeenfurie.com\/blog\/wp-content\/uploads\/2024\/08\/OVH-Medee-En-Furie-Musee-National-De-La-Ceramique-De-Sevres-20060909-24-1536x1152.jpg 1536w, https:\/\/medeeenfurie.com\/blog\/wp-content\/uploads\/2024\/08\/OVH-Medee-En-Furie-Musee-National-De-La-Ceramique-De-Sevres-20060909-24-150x113.jpg 150w\" sizes=\"auto, (max-width: 2048px) 100vw, 2048px\" \/> <img loading=\"lazy\" decoding=\"async\" class=\"alignnone size-large wp-image-4972\" src=\"https:\/\/medeeenfurie.com\/blog\/wp-content\/uploads\/2024\/08\/OVH-Medee-En-Furie-Musee-National-De-La-Ceramique-De-Sevres-20060909-25.jpg\" alt=\"\" width=\"2048\" height=\"1536\" srcset=\"https:\/\/medeeenfurie.com\/blog\/wp-content\/uploads\/2024\/08\/OVH-Medee-En-Furie-Musee-National-De-La-Ceramique-De-Sevres-20060909-25.jpg 2048w, https:\/\/medeeenfurie.com\/blog\/wp-content\/uploads\/2024\/08\/OVH-Medee-En-Furie-Musee-National-De-La-Ceramique-De-Sevres-20060909-25-768x576.jpg 768w, https:\/\/medeeenfurie.com\/blog\/wp-content\/uploads\/2024\/08\/OVH-Medee-En-Furie-Musee-National-De-La-Ceramique-De-Sevres-20060909-25-1536x1152.jpg 1536w, https:\/\/medeeenfurie.com\/blog\/wp-content\/uploads\/2024\/08\/OVH-Medee-En-Furie-Musee-National-De-La-Ceramique-De-Sevres-20060909-25-150x113.jpg 150w\" sizes=\"auto, (max-width: 2048px) 100vw, 2048px\" \/> <img loading=\"lazy\" decoding=\"async\" class=\"alignnone size-large wp-image-4973\" src=\"https:\/\/medeeenfurie.com\/blog\/wp-content\/uploads\/2024\/08\/OVH-Medee-En-Furie-Musee-National-De-La-Ceramique-De-Sevres-20060909-26.jpg\" alt=\"\" width=\"2048\" height=\"1536\" srcset=\"https:\/\/medeeenfurie.com\/blog\/wp-content\/uploads\/2024\/08\/OVH-Medee-En-Furie-Musee-National-De-La-Ceramique-De-Sevres-20060909-26.jpg 2048w, https:\/\/medeeenfurie.com\/blog\/wp-content\/uploads\/2024\/08\/OVH-Medee-En-Furie-Musee-National-De-La-Ceramique-De-Sevres-20060909-26-768x576.jpg 768w, https:\/\/medeeenfurie.com\/blog\/wp-content\/uploads\/2024\/08\/OVH-Medee-En-Furie-Musee-National-De-La-Ceramique-De-Sevres-20060909-26-1536x1152.jpg 1536w, https:\/\/medeeenfurie.com\/blog\/wp-content\/uploads\/2024\/08\/OVH-Medee-En-Furie-Musee-National-De-La-Ceramique-De-Sevres-20060909-26-150x113.jpg 150w\" sizes=\"auto, (max-width: 2048px) 100vw, 2048px\" \/> <img loading=\"lazy\" decoding=\"async\" class=\"alignnone size-large wp-image-4974\" src=\"https:\/\/medeeenfurie.com\/blog\/wp-content\/uploads\/2024\/08\/OVH-Medee-En-Furie-Musee-National-De-La-Ceramique-De-Sevres-20060909-27.jpg\" alt=\"\" width=\"1536\" height=\"2048\" srcset=\"https:\/\/medeeenfurie.com\/blog\/wp-content\/uploads\/2024\/08\/OVH-Medee-En-Furie-Musee-National-De-La-Ceramique-De-Sevres-20060909-27.jpg 1536w, https:\/\/medeeenfurie.com\/blog\/wp-content\/uploads\/2024\/08\/OVH-Medee-En-Furie-Musee-National-De-La-Ceramique-De-Sevres-20060909-27-768x1024.jpg 768w, https:\/\/medeeenfurie.com\/blog\/wp-content\/uploads\/2024\/08\/OVH-Medee-En-Furie-Musee-National-De-La-Ceramique-De-Sevres-20060909-27-1152x1536.jpg 1152w, https:\/\/medeeenfurie.com\/blog\/wp-content\/uploads\/2024\/08\/OVH-Medee-En-Furie-Musee-National-De-La-Ceramique-De-Sevres-20060909-27-113x150.jpg 113w\" sizes=\"auto, (max-width: 1536px) 100vw, 1536px\" \/><\/p>\n","protected":false},"excerpt":{"rendered":"<p>Voici quelques photos du Mus\u00e9e National de la C\u00e9ramique de S\u00e8vres, pr\u00e8s de Paris, prises en 2006. Selon Internet, \u00ab\u00a0Le terme g\u00e9n\u00e9rique de c\u00e9ramique d\u00e9signe l&rsquo;ensemble des objets fabriqu\u00e9s en terre qui ont subi une transformation physico-chimique irr\u00e9versible au cours d&rsquo;une cuisson \u00e0 temp\u00e9rature plus ou moins \u00e9lev\u00e9e.\u00a0\u00bb Autre point&#8230;<\/p>\n<p class=\"continue-reading-button\"> <a class=\"continue-reading-link\" href=\"https:\/\/medeeenfurie.com\/blog\/2024\/08\/09\/photos-du-musee-national-de-la-ceramique-de-sevres-2006-photos-of-the-national-ceramics-museum-of-sevres-2006\/\">Continuer \u00e0 lire<i class=\"crycon-right-dir\"><\/i><\/a><\/p>\n","protected":false},"author":1,"featured_media":0,"comment_status":"closed","ping_status":"open","sticky":false,"template":"","format":"standard","meta":{"footnotes":""},"categories":[60],"tags":[7,61,40],"class_list":["post-4978","post","type-post","status-publish","format-standard","hentry","category-museum_musees","tag-arts","tag-museums_musees","tag-painting_peinture"],"yoast_head":"<!-- This site is optimized with the Yoast SEO plugin v27.4 - https:\/\/yoast.com\/product\/yoast-seo-wordpress\/ -->\n<title>Photos du Mus\u00e9e National de la C\u00e9ramique de S\u00e8vres 2006 - Photos of the National Ceramics Museum of S\u00e8vres 2006<\/title>\n<meta name=\"robots\" content=\"index, follow, max-snippet:-1, max-image-preview:large, max-video-preview:-1\" \/>\n<link rel=\"canonical\" href=\"https:\/\/medeeenfurie.com\/blog\/2024\/08\/09\/photos-du-musee-national-de-la-ceramique-de-sevres-2006-photos-of-the-national-ceramics-museum-of-sevres-2006\/\" \/>\n<meta property=\"og:locale\" content=\"fr_FR\" \/>\n<meta property=\"og:type\" content=\"article\" \/>\n<meta property=\"og:title\" content=\"Photos du Mus\u00e9e National de la C\u00e9ramique de S\u00e8vres 2006 - Photos of the National Ceramics Museum of S\u00e8vres 2006\" \/>\n<meta property=\"og:description\" content=\"Voici quelques photos du Mus\u00e9e National de la C\u00e9ramique de S\u00e8vres, pr\u00e8s de Paris, prises en 2006. Selon Internet, \u00ab\u00a0Le terme g\u00e9n\u00e9rique de c\u00e9ramique d\u00e9signe l&rsquo;ensemble des objets fabriqu\u00e9s en terre qui ont subi une transformation physico-chimique irr\u00e9versible au cours d&rsquo;une cuisson \u00e0 temp\u00e9rature plus ou moins \u00e9lev\u00e9e.\u00a0\u00bb Autre point... Continuer \u00e0 lire\" \/>\n<meta property=\"og:url\" content=\"https:\/\/medeeenfurie.com\/blog\/2024\/08\/09\/photos-du-musee-national-de-la-ceramique-de-sevres-2006-photos-of-the-national-ceramics-museum-of-sevres-2006\/\" \/>\n<meta property=\"article:published_time\" content=\"2024-08-09T10:05:33+00:00\" \/>\n<meta property=\"article:modified_time\" content=\"2024-08-09T15:20:40+00:00\" \/>\n<meta property=\"og:image\" content=\"https:\/\/medeeenfurie.com\/blog\/wp-content\/uploads\/2024\/08\/OVH-Medee-En-Furie-Musee-National-De-La-Ceramique-De-Sevres-20060909-01.jpg\" \/>\n\t<meta property=\"og:image:width\" content=\"2048\" \/>\n\t<meta property=\"og:image:height\" content=\"1536\" \/>\n\t<meta property=\"og:image:type\" content=\"image\/jpeg\" \/>\n<meta name=\"author\" content=\"David Yukio\" \/>\n<meta name=\"twitter:card\" content=\"summary_large_image\" \/>\n<meta name=\"twitter:label1\" content=\"\u00c9crit par\" \/>\n\t<meta name=\"twitter:data1\" content=\"David Yukio\" \/>\n\t<meta name=\"twitter:label2\" content=\"Dur\u00e9e de lecture estim\u00e9e\" \/>\n\t<meta name=\"twitter:data2\" content=\"1 minute\" \/>\n<script type=\"application\/ld+json\" class=\"yoast-schema-graph\">{\"@context\":\"https:\\\/\\\/schema.org\",\"@graph\":[{\"@type\":\"Article\",\"@id\":\"https:\\\/\\\/medeeenfurie.com\\\/blog\\\/2024\\\/08\\\/09\\\/photos-du-musee-national-de-la-ceramique-de-sevres-2006-photos-of-the-national-ceramics-museum-of-sevres-2006\\\/#article\",\"isPartOf\":{\"@id\":\"https:\\\/\\\/medeeenfurie.com\\\/blog\\\/2024\\\/08\\\/09\\\/photos-du-musee-national-de-la-ceramique-de-sevres-2006-photos-of-the-national-ceramics-museum-of-sevres-2006\\\/\"},\"author\":{\"name\":\"David Yukio\",\"@id\":\"https:\\\/\\\/medeeenfurie.com\\\/blog\\\/#\\\/schema\\\/person\\\/ef6dda9428a3da22a299c22d2f2f7229\"},\"headline\":\"Photos du Mus\u00e9e National de la C\u00e9ramique de S\u00e8vres 2006 &#8211; Photos of the National Ceramics Museum of S\u00e8vres 2006\",\"datePublished\":\"2024-08-09T10:05:33+00:00\",\"dateModified\":\"2024-08-09T15:20:40+00:00\",\"mainEntityOfPage\":{\"@id\":\"https:\\\/\\\/medeeenfurie.com\\\/blog\\\/2024\\\/08\\\/09\\\/photos-du-musee-national-de-la-ceramique-de-sevres-2006-photos-of-the-national-ceramics-museum-of-sevres-2006\\\/\"},\"wordCount\":250,\"publisher\":{\"@id\":\"https:\\\/\\\/medeeenfurie.com\\\/blog\\\/#\\\/schema\\\/person\\\/ef6dda9428a3da22a299c22d2f2f7229\"},\"image\":{\"@id\":\"https:\\\/\\\/medeeenfurie.com\\\/blog\\\/2024\\\/08\\\/09\\\/photos-du-musee-national-de-la-ceramique-de-sevres-2006-photos-of-the-national-ceramics-museum-of-sevres-2006\\\/#primaryimage\"},\"thumbnailUrl\":\"https:\\\/\\\/medeeenfurie.com\\\/blog\\\/wp-content\\\/uploads\\\/2024\\\/08\\\/OVH-Medee-En-Furie-Musee-National-De-La-Ceramique-De-Sevres-20060909-01.jpg\",\"keywords\":[\"Arts\",\"Museums_Mus\u00e9es\",\"Painting_Peinture\"],\"articleSection\":[\"Museum_Mus\u00e9es\"],\"inLanguage\":\"fr-FR\"},{\"@type\":\"WebPage\",\"@id\":\"https:\\\/\\\/medeeenfurie.com\\\/blog\\\/2024\\\/08\\\/09\\\/photos-du-musee-national-de-la-ceramique-de-sevres-2006-photos-of-the-national-ceramics-museum-of-sevres-2006\\\/\",\"url\":\"https:\\\/\\\/medeeenfurie.com\\\/blog\\\/2024\\\/08\\\/09\\\/photos-du-musee-national-de-la-ceramique-de-sevres-2006-photos-of-the-national-ceramics-museum-of-sevres-2006\\\/\",\"name\":\"Photos du Mus\u00e9e National de la C\u00e9ramique de S\u00e8vres 2006 - Photos of the National Ceramics Museum of S\u00e8vres 2006\",\"isPartOf\":{\"@id\":\"https:\\\/\\\/medeeenfurie.com\\\/blog\\\/#website\"},\"primaryImageOfPage\":{\"@id\":\"https:\\\/\\\/medeeenfurie.com\\\/blog\\\/2024\\\/08\\\/09\\\/photos-du-musee-national-de-la-ceramique-de-sevres-2006-photos-of-the-national-ceramics-museum-of-sevres-2006\\\/#primaryimage\"},\"image\":{\"@id\":\"https:\\\/\\\/medeeenfurie.com\\\/blog\\\/2024\\\/08\\\/09\\\/photos-du-musee-national-de-la-ceramique-de-sevres-2006-photos-of-the-national-ceramics-museum-of-sevres-2006\\\/#primaryimage\"},\"thumbnailUrl\":\"https:\\\/\\\/medeeenfurie.com\\\/blog\\\/wp-content\\\/uploads\\\/2024\\\/08\\\/OVH-Medee-En-Furie-Musee-National-De-La-Ceramique-De-Sevres-20060909-01.jpg\",\"datePublished\":\"2024-08-09T10:05:33+00:00\",\"dateModified\":\"2024-08-09T15:20:40+00:00\",\"breadcrumb\":{\"@id\":\"https:\\\/\\\/medeeenfurie.com\\\/blog\\\/2024\\\/08\\\/09\\\/photos-du-musee-national-de-la-ceramique-de-sevres-2006-photos-of-the-national-ceramics-museum-of-sevres-2006\\\/#breadcrumb\"},\"inLanguage\":\"fr-FR\",\"potentialAction\":[{\"@type\":\"ReadAction\",\"target\":[\"https:\\\/\\\/medeeenfurie.com\\\/blog\\\/2024\\\/08\\\/09\\\/photos-du-musee-national-de-la-ceramique-de-sevres-2006-photos-of-the-national-ceramics-museum-of-sevres-2006\\\/\"]}]},{\"@type\":\"ImageObject\",\"inLanguage\":\"fr-FR\",\"@id\":\"https:\\\/\\\/medeeenfurie.com\\\/blog\\\/2024\\\/08\\\/09\\\/photos-du-musee-national-de-la-ceramique-de-sevres-2006-photos-of-the-national-ceramics-museum-of-sevres-2006\\\/#primaryimage\",\"url\":\"https:\\\/\\\/medeeenfurie.com\\\/blog\\\/wp-content\\\/uploads\\\/2024\\\/08\\\/OVH-Medee-En-Furie-Musee-National-De-La-Ceramique-De-Sevres-20060909-01.jpg\",\"contentUrl\":\"https:\\\/\\\/medeeenfurie.com\\\/blog\\\/wp-content\\\/uploads\\\/2024\\\/08\\\/OVH-Medee-En-Furie-Musee-National-De-La-Ceramique-De-Sevres-20060909-01.jpg\",\"width\":2048,\"height\":1536},{\"@type\":\"BreadcrumbList\",\"@id\":\"https:\\\/\\\/medeeenfurie.com\\\/blog\\\/2024\\\/08\\\/09\\\/photos-du-musee-national-de-la-ceramique-de-sevres-2006-photos-of-the-national-ceramics-museum-of-sevres-2006\\\/#breadcrumb\",\"itemListElement\":[{\"@type\":\"ListItem\",\"position\":1,\"name\":\"Accueil\",\"item\":\"https:\\\/\\\/medeeenfurie.com\\\/blog\\\/\"},{\"@type\":\"ListItem\",\"position\":2,\"name\":\"Photos du Mus\u00e9e National de la C\u00e9ramique de S\u00e8vres 2006 &#8211; Photos of the National Ceramics Museum of S\u00e8vres 2006\"}]},{\"@type\":\"WebSite\",\"@id\":\"https:\\\/\\\/medeeenfurie.com\\\/blog\\\/#website\",\"url\":\"https:\\\/\\\/medeeenfurie.com\\\/blog\\\/\",\"name\":\"M\u00e9d\u00e9e en Furie\",\"description\":\"\",\"publisher\":{\"@id\":\"https:\\\/\\\/medeeenfurie.com\\\/blog\\\/#\\\/schema\\\/person\\\/ef6dda9428a3da22a299c22d2f2f7229\"},\"potentialAction\":[{\"@type\":\"SearchAction\",\"target\":{\"@type\":\"EntryPoint\",\"urlTemplate\":\"https:\\\/\\\/medeeenfurie.com\\\/blog\\\/?s={search_term_string}\"},\"query-input\":{\"@type\":\"PropertyValueSpecification\",\"valueRequired\":true,\"valueName\":\"search_term_string\"}}],\"inLanguage\":\"fr-FR\"},{\"@type\":[\"Person\",\"Organization\"],\"@id\":\"https:\\\/\\\/medeeenfurie.com\\\/blog\\\/#\\\/schema\\\/person\\\/ef6dda9428a3da22a299c22d2f2f7229\",\"name\":\"David Yukio\",\"logo\":{\"@id\":\"https:\\\/\\\/medeeenfurie.com\\\/blog\\\/#\\\/schema\\\/person\\\/image\\\/\"},\"url\":\"https:\\\/\\\/medeeenfurie.com\\\/blog\\\/author\\\/admin\\\/\"}]}<\/script>\n<!-- \/ Yoast SEO plugin. -->","yoast_head_json":{"title":"Photos du Mus\u00e9e National de la C\u00e9ramique de S\u00e8vres 2006 - Photos of the National Ceramics Museum of S\u00e8vres 2006","robots":{"index":"index","follow":"follow","max-snippet":"max-snippet:-1","max-image-preview":"max-image-preview:large","max-video-preview":"max-video-preview:-1"},"canonical":"https:\/\/medeeenfurie.com\/blog\/2024\/08\/09\/photos-du-musee-national-de-la-ceramique-de-sevres-2006-photos-of-the-national-ceramics-museum-of-sevres-2006\/","og_locale":"fr_FR","og_type":"article","og_title":"Photos du Mus\u00e9e National de la C\u00e9ramique de S\u00e8vres 2006 - Photos of the National Ceramics Museum of S\u00e8vres 2006","og_description":"Voici quelques photos du Mus\u00e9e National de la C\u00e9ramique de S\u00e8vres, pr\u00e8s de Paris, prises en 2006. Selon Internet, \u00ab\u00a0Le terme g\u00e9n\u00e9rique de c\u00e9ramique d\u00e9signe l&rsquo;ensemble des objets fabriqu\u00e9s en terre qui ont subi une transformation physico-chimique irr\u00e9versible au cours d&rsquo;une cuisson \u00e0 temp\u00e9rature plus ou moins \u00e9lev\u00e9e.\u00a0\u00bb Autre point... Continuer \u00e0 lire","og_url":"https:\/\/medeeenfurie.com\/blog\/2024\/08\/09\/photos-du-musee-national-de-la-ceramique-de-sevres-2006-photos-of-the-national-ceramics-museum-of-sevres-2006\/","article_published_time":"2024-08-09T10:05:33+00:00","article_modified_time":"2024-08-09T15:20:40+00:00","og_image":[{"width":2048,"height":1536,"url":"https:\/\/medeeenfurie.com\/blog\/wp-content\/uploads\/2024\/08\/OVH-Medee-En-Furie-Musee-National-De-La-Ceramique-De-Sevres-20060909-01.jpg","type":"image\/jpeg"}],"author":"David Yukio","twitter_card":"summary_large_image","twitter_misc":{"\u00c9crit par":"David Yukio","Dur\u00e9e de lecture estim\u00e9e":"1 minute"},"schema":{"@context":"https:\/\/schema.org","@graph":[{"@type":"Article","@id":"https:\/\/medeeenfurie.com\/blog\/2024\/08\/09\/photos-du-musee-national-de-la-ceramique-de-sevres-2006-photos-of-the-national-ceramics-museum-of-sevres-2006\/#article","isPartOf":{"@id":"https:\/\/medeeenfurie.com\/blog\/2024\/08\/09\/photos-du-musee-national-de-la-ceramique-de-sevres-2006-photos-of-the-national-ceramics-museum-of-sevres-2006\/"},"author":{"name":"David Yukio","@id":"https:\/\/medeeenfurie.com\/blog\/#\/schema\/person\/ef6dda9428a3da22a299c22d2f2f7229"},"headline":"Photos du Mus\u00e9e National de la C\u00e9ramique de S\u00e8vres 2006 &#8211; Photos of the National Ceramics Museum of S\u00e8vres 2006","datePublished":"2024-08-09T10:05:33+00:00","dateModified":"2024-08-09T15:20:40+00:00","mainEntityOfPage":{"@id":"https:\/\/medeeenfurie.com\/blog\/2024\/08\/09\/photos-du-musee-national-de-la-ceramique-de-sevres-2006-photos-of-the-national-ceramics-museum-of-sevres-2006\/"},"wordCount":250,"publisher":{"@id":"https:\/\/medeeenfurie.com\/blog\/#\/schema\/person\/ef6dda9428a3da22a299c22d2f2f7229"},"image":{"@id":"https:\/\/medeeenfurie.com\/blog\/2024\/08\/09\/photos-du-musee-national-de-la-ceramique-de-sevres-2006-photos-of-the-national-ceramics-museum-of-sevres-2006\/#primaryimage"},"thumbnailUrl":"https:\/\/medeeenfurie.com\/blog\/wp-content\/uploads\/2024\/08\/OVH-Medee-En-Furie-Musee-National-De-La-Ceramique-De-Sevres-20060909-01.jpg","keywords":["Arts","Museums_Mus\u00e9es","Painting_Peinture"],"articleSection":["Museum_Mus\u00e9es"],"inLanguage":"fr-FR"},{"@type":"WebPage","@id":"https:\/\/medeeenfurie.com\/blog\/2024\/08\/09\/photos-du-musee-national-de-la-ceramique-de-sevres-2006-photos-of-the-national-ceramics-museum-of-sevres-2006\/","url":"https:\/\/medeeenfurie.com\/blog\/2024\/08\/09\/photos-du-musee-national-de-la-ceramique-de-sevres-2006-photos-of-the-national-ceramics-museum-of-sevres-2006\/","name":"Photos du Mus\u00e9e National de la C\u00e9ramique de S\u00e8vres 2006 - Photos of the National Ceramics Museum of S\u00e8vres 2006","isPartOf":{"@id":"https:\/\/medeeenfurie.com\/blog\/#website"},"primaryImageOfPage":{"@id":"https:\/\/medeeenfurie.com\/blog\/2024\/08\/09\/photos-du-musee-national-de-la-ceramique-de-sevres-2006-photos-of-the-national-ceramics-museum-of-sevres-2006\/#primaryimage"},"image":{"@id":"https:\/\/medeeenfurie.com\/blog\/2024\/08\/09\/photos-du-musee-national-de-la-ceramique-de-sevres-2006-photos-of-the-national-ceramics-museum-of-sevres-2006\/#primaryimage"},"thumbnailUrl":"https:\/\/medeeenfurie.com\/blog\/wp-content\/uploads\/2024\/08\/OVH-Medee-En-Furie-Musee-National-De-La-Ceramique-De-Sevres-20060909-01.jpg","datePublished":"2024-08-09T10:05:33+00:00","dateModified":"2024-08-09T15:20:40+00:00","breadcrumb":{"@id":"https:\/\/medeeenfurie.com\/blog\/2024\/08\/09\/photos-du-musee-national-de-la-ceramique-de-sevres-2006-photos-of-the-national-ceramics-museum-of-sevres-2006\/#breadcrumb"},"inLanguage":"fr-FR","potentialAction":[{"@type":"ReadAction","target":["https:\/\/medeeenfurie.com\/blog\/2024\/08\/09\/photos-du-musee-national-de-la-ceramique-de-sevres-2006-photos-of-the-national-ceramics-museum-of-sevres-2006\/"]}]},{"@type":"ImageObject","inLanguage":"fr-FR","@id":"https:\/\/medeeenfurie.com\/blog\/2024\/08\/09\/photos-du-musee-national-de-la-ceramique-de-sevres-2006-photos-of-the-national-ceramics-museum-of-sevres-2006\/#primaryimage","url":"https:\/\/medeeenfurie.com\/blog\/wp-content\/uploads\/2024\/08\/OVH-Medee-En-Furie-Musee-National-De-La-Ceramique-De-Sevres-20060909-01.jpg","contentUrl":"https:\/\/medeeenfurie.com\/blog\/wp-content\/uploads\/2024\/08\/OVH-Medee-En-Furie-Musee-National-De-La-Ceramique-De-Sevres-20060909-01.jpg","width":2048,"height":1536},{"@type":"BreadcrumbList","@id":"https:\/\/medeeenfurie.com\/blog\/2024\/08\/09\/photos-du-musee-national-de-la-ceramique-de-sevres-2006-photos-of-the-national-ceramics-museum-of-sevres-2006\/#breadcrumb","itemListElement":[{"@type":"ListItem","position":1,"name":"Accueil","item":"https:\/\/medeeenfurie.com\/blog\/"},{"@type":"ListItem","position":2,"name":"Photos du Mus\u00e9e National de la C\u00e9ramique de S\u00e8vres 2006 &#8211; Photos of the National Ceramics Museum of S\u00e8vres 2006"}]},{"@type":"WebSite","@id":"https:\/\/medeeenfurie.com\/blog\/#website","url":"https:\/\/medeeenfurie.com\/blog\/","name":"M\u00e9d\u00e9e en Furie","description":"","publisher":{"@id":"https:\/\/medeeenfurie.com\/blog\/#\/schema\/person\/ef6dda9428a3da22a299c22d2f2f7229"},"potentialAction":[{"@type":"SearchAction","target":{"@type":"EntryPoint","urlTemplate":"https:\/\/medeeenfurie.com\/blog\/?s={search_term_string}"},"query-input":{"@type":"PropertyValueSpecification","valueRequired":true,"valueName":"search_term_string"}}],"inLanguage":"fr-FR"},{"@type":["Person","Organization"],"@id":"https:\/\/medeeenfurie.com\/blog\/#\/schema\/person\/ef6dda9428a3da22a299c22d2f2f7229","name":"David Yukio","logo":{"@id":"https:\/\/medeeenfurie.com\/blog\/#\/schema\/person\/image\/"},"url":"https:\/\/medeeenfurie.com\/blog\/author\/admin\/"}]}},"_links":{"self":[{"href":"https:\/\/medeeenfurie.com\/blog\/wp-json\/wp\/v2\/posts\/4978","targetHints":{"allow":["GET"]}}],"collection":[{"href":"https:\/\/medeeenfurie.com\/blog\/wp-json\/wp\/v2\/posts"}],"about":[{"href":"https:\/\/medeeenfurie.com\/blog\/wp-json\/wp\/v2\/types\/post"}],"author":[{"embeddable":true,"href":"https:\/\/medeeenfurie.com\/blog\/wp-json\/wp\/v2\/users\/1"}],"replies":[{"embeddable":true,"href":"https:\/\/medeeenfurie.com\/blog\/wp-json\/wp\/v2\/comments?post=4978"}],"version-history":[{"count":3,"href":"https:\/\/medeeenfurie.com\/blog\/wp-json\/wp\/v2\/posts\/4978\/revisions"}],"predecessor-version":[{"id":4981,"href":"https:\/\/medeeenfurie.com\/blog\/wp-json\/wp\/v2\/posts\/4978\/revisions\/4981"}],"wp:attachment":[{"href":"https:\/\/medeeenfurie.com\/blog\/wp-json\/wp\/v2\/media?parent=4978"}],"wp:term":[{"taxonomy":"category","embeddable":true,"href":"https:\/\/medeeenfurie.com\/blog\/wp-json\/wp\/v2\/categories?post=4978"},{"taxonomy":"post_tag","embeddable":true,"href":"https:\/\/medeeenfurie.com\/blog\/wp-json\/wp\/v2\/tags?post=4978"}],"curies":[{"name":"wp","href":"https:\/\/api.w.org\/{rel}","templated":true}]}}